{"id":954,"date":"2022-09-12T22:18:21","date_gmt":"2022-09-12T20:18:21","guid":{"rendered":"https:\/\/melancholia.fr\/melusine\/?p=954"},"modified":"2022-09-14T16:25:19","modified_gmt":"2022-09-14T14:25:19","slug":"privilege-en-faveur-des-fees","status":"publish","type":"post","link":"https:\/\/melancholia.fr\/melusine\/2022\/09\/12\/privilege-en-faveur-des-fees\/","title":{"rendered":"Privil\u00e8ge en faveur des f\u00e9es"},"content":{"rendered":"<p style=\"text-align: justify;\">LOUIS, Par la grace de Dieu, Roy de France &amp; de Navarre\u00a0; N\u00f4tre am\u00e9 le sieur N*** nous a fait remontrer, que dans ce tems, o\u00f9 l\u2019on a tant d\u2019empressement pour les contes des F\u00e9es, il a cr\u00fb faire une chose agreable au public de ramasser ce que l\u2019histoire &amp; la tradition ont conserve de Melusine, la plus celebre d\u2019entr\u2019elles, &amp; nous a tres-humblement fait supplier de luy accorder, pour le faire imprimer, nos Lettres de Privilege sur ce necessaires. A CES CAUSES, voulant favorablement traitter l\u2019Exposant, comme nous avons d\u00e9ja fait pour d\u2019autres Ouvrages plus s\u00e7avans, Nous luy avons permis de faire imprimer, vendre &amp; debiter pendant le tems de huit ann\u00e9es son <em>Histoire de Melusine<\/em>, Avec d\u00e9fense \u00e0 tous autres d\u2019imprimer vendre, &amp; debiter ledit Livre, sous les peines, &amp; ainsi qu\u2019il est port\u00e9 plus au long par les Patentes sign\u00e9es par le Roy en son Conseil, <em>Dugono<\/em>, le 15. Octobre 1697. &amp; scell\u00e9es. <em>Registr\u00e9 sur le Livre de la Communaut\u00e9<\/em> <em>des Imprimeurs &amp; Libraires de Paris<\/em>, le 14. Janvier 1698. Sign\u00e9, AUBOUYN, <em>Syndic.<\/em> Achev\u00e9 d\u2019imprimer pour la premiere fois le 15. Janvier 1698.<\/p>\n","protected":false},"excerpt":{"rendered":"<p>LOUIS, Par la grace de Dieu, Roy de France &amp; de Navarre\u00a0; N\u00f4tre am\u00e9 le sieur N*** nous a fait remontrer, que dans ce tems, o\u00f9 l\u2019on a tant d\u2019empressement pour les contes des F\u00e9es, il a cr\u00fb faire une chose agreable au public de ramasser ce que l\u2019histoire &amp; la tradition ont conserve de &hellip; <a href=\"https:\/\/melancholia.fr\/melusine\/2022\/09\/12\/privilege-en-faveur-des-fees\/\" class=\"more-link\">Continuer la lecture de <span class=\"screen-reader-text\">Privil\u00e8ge en faveur des f\u00e9es<\/span> <span class=\"meta-nav\">&rarr;<\/span><\/a><\/p>\n","protected":false},"author":1,"featured_media":0,"comment_status":"closed","ping_status":"open","sticky":false,"template":"","format":"standard","meta":{"footnotes":""},"categories":[12],"tags":[],"class_list":["post-954","post","type-post","status-publish","format-standard","hentry","category-histoire-de-melusine-edition-linearisee"],"jetpack_featured_media_url":"","_links":{"self":[{"href":"https:\/\/melancholia.fr\/melusine\/wp-json\/wp\/v2\/posts\/954","targetHints":{"allow":["GET"]}}],"collection":[{"href":"https:\/\/melancholia.fr\/melusine\/wp-json\/wp\/v2\/posts"}],"about":[{"href":"https:\/\/melancholia.fr\/melusine\/wp-json\/wp\/v2\/types\/post"}],"author":[{"embeddable":true,"href":"https:\/\/melancholia.fr\/melusine\/wp-json\/wp\/v2\/users\/1"}],"replies":[{"embeddable":true,"href":"https:\/\/melancholia.fr\/melusine\/wp-json\/wp\/v2\/comments?post=954"}],"version-history":[{"count":1,"href":"https:\/\/melancholia.fr\/melusine\/wp-json\/wp\/v2\/posts\/954\/revisions"}],"predecessor-version":[{"id":955,"href":"https:\/\/melancholia.fr\/melusine\/wp-json\/wp\/v2\/posts\/954\/revisions\/955"}],"wp:attachment":[{"href":"https:\/\/melancholia.fr\/melusine\/wp-json\/wp\/v2\/media?parent=954"}],"wp:term":[{"taxonomy":"category","embeddable":true,"href":"https:\/\/melancholia.fr\/melusine\/wp-json\/wp\/v2\/categories?post=954"},{"taxonomy":"post_tag","embeddable":true,"href":"https:\/\/melancholia.fr\/melusine\/wp-json\/wp\/v2\/tags?post=954"}],"curies":[{"name":"wp","href":"https:\/\/api.w.org\/{rel}","templated":true}]}}