{"id":894,"date":"2022-09-12T11:30:12","date_gmt":"2022-09-12T09:30:12","guid":{"rendered":"https:\/\/melancholia.fr\/melusine\/?p=894"},"modified":"2022-09-12T12:00:03","modified_gmt":"2022-09-12T10:00:03","slug":"histoire-de-geoffroy","status":"publish","type":"post","link":"https:\/\/melancholia.fr\/melusine\/2022\/09\/12\/histoire-de-geoffroy\/","title":{"rendered":"Histoire de Geoffroy"},"content":{"rendered":"<p style=\"text-align: justify;\">Fran\u00e7ois Nodot fait para\u00eetre en 1700 <em>L&#8217;Histoire de Geoffroy, chevalier \u00e0 la grand&#8217;dent, fils de M\u00e9lusine.<\/em><\/p>\n<p style=\"text-align: justify;\">Cette publication fait naturellement suite \u00e0 <em>l&#8217;Histoire de M\u00e9lusine <\/em>parue deux ans auparavant : depuis le XVIe si\u00e8cle, tous les \u00e9diteurs avaient du roman de Jean d&#8217;Arras pris l&#8217;habitude d&#8217;isoler les aventures de Geoffroy, pour un faire une continuation de l&#8217;histoire de M\u00e9lusine. Les deux ouvrages paraissaient souvent ensemble. Fran\u00e7ois Nodot reprend donc ici une habitude bien ancr\u00e9e chez les \u00e9diteurs de la Biblioth\u00e8que bleue.<\/p>\n<p style=\"text-align: justify;\"><em>L&#8217;Histoire de M\u00e9lusine<\/em> n&#8217;annonce pas clairement l&#8217;intention de l&#8217;auteur de donner lui-m\u00eame une suite de son livre, mais il en avait m\u00e9nag\u00e9 la possibilit\u00e9, en n&#8217;int\u00e9grant pas l&#8217;histoire de Geoffroy dans le premier volume, et en m\u00e9nageant \u00e0 la fin du livre une transition possible, pour ne pas dire un &#8220;<em>cliffhanger<\/em>&#8220;.<\/p>\n<p style=\"text-align: justify;\">Cette publication \u00e9tait-elle pr\u00e9vue d\u00e8s le d\u00e9part? La veuve Barbin vit-elle dans cette suite une opportunit\u00e9 commerciale apr\u00e8s le succ\u00e8s du premier volume ? Il serait difficile de l&#8217;affirmer, parce que la seconde \u00e9dition de <em>l&#8217;Histoire de M\u00e9lusine<\/em>, parue en 1700, en m\u00eame temps que <em>l&#8217;Histoire de Geoffroy<\/em>, semble \u00eatre largement constitu\u00e9e d&#8217;invendus pourvu d&#8217;une page de titre postdat\u00e9e. En 1700, la mode des contes de f\u00e9es \u00e9tait d\u00e9j\u00e0 en train de s&#8217;\u00e9puiser tr\u00e8s rapidement.<\/p>\n<p style=\"text-align: justify;\">\n","protected":false},"excerpt":{"rendered":"<p>Fran\u00e7ois Nodot fait para\u00eetre en 1700 L&#8217;Histoire de Geoffroy, chevalier \u00e0 la grand&#8217;dent, fils de M\u00e9lusine. Cette publication fait naturellement suite \u00e0 l&#8217;Histoire de M\u00e9lusine parue deux ans auparavant : depuis le XVIe si\u00e8cle, tous les \u00e9diteurs avaient du roman de Jean d&#8217;Arras pris l&#8217;habitude d&#8217;isoler les aventures de Geoffroy, pour un faire une continuation &hellip; <a href=\"https:\/\/melancholia.fr\/melusine\/2022\/09\/12\/histoire-de-geoffroy\/\" class=\"more-link\">Continuer la lecture de <span class=\"screen-reader-text\">Histoire de Geoffroy<\/span> <span class=\"meta-nav\">&rarr;<\/span><\/a><\/p>\n","protected":false},"author":1,"featured_media":0,"comment_status":"closed","ping_status":"open","sticky":false,"template":"","format":"standard","meta":{"footnotes":""},"categories":[8],"tags":[],"class_list":["post-894","post","type-post","status-publish","format-standard","hentry","category-histoire-de-geoffroy"],"jetpack_featured_media_url":"","_links":{"self":[{"href":"https:\/\/melancholia.fr\/melusine\/wp-json\/wp\/v2\/posts\/894","targetHints":{"allow":["GET"]}}],"collection":[{"href":"https:\/\/melancholia.fr\/melusine\/wp-json\/wp\/v2\/posts"}],"about":[{"href":"https:\/\/melancholia.fr\/melusine\/wp-json\/wp\/v2\/types\/post"}],"author":[{"embeddable":true,"href":"https:\/\/melancholia.fr\/melusine\/wp-json\/wp\/v2\/users\/1"}],"replies":[{"embeddable":true,"href":"https:\/\/melancholia.fr\/melusine\/wp-json\/wp\/v2\/comments?post=894"}],"version-history":[{"count":4,"href":"https:\/\/melancholia.fr\/melusine\/wp-json\/wp\/v2\/posts\/894\/revisions"}],"predecessor-version":[{"id":898,"href":"https:\/\/melancholia.fr\/melusine\/wp-json\/wp\/v2\/posts\/894\/revisions\/898"}],"wp:attachment":[{"href":"https:\/\/melancholia.fr\/melusine\/wp-json\/wp\/v2\/media?parent=894"}],"wp:term":[{"taxonomy":"category","embeddable":true,"href":"https:\/\/melancholia.fr\/melusine\/wp-json\/wp\/v2\/categories?post=894"},{"taxonomy":"post_tag","embeddable":true,"href":"https:\/\/melancholia.fr\/melusine\/wp-json\/wp\/v2\/tags?post=894"}],"curies":[{"name":"wp","href":"https:\/\/api.w.org\/{rel}","templated":true}]}}