{"id":1136,"date":"2022-09-14T17:34:58","date_gmt":"2022-09-14T15:34:58","guid":{"rendered":"https:\/\/melancholia.fr\/melusine\/?p=1136"},"modified":"2024-07-23T10:16:21","modified_gmt":"2024-07-23T08:16:21","slug":"bibliographie","status":"publish","type":"post","link":"https:\/\/melancholia.fr\/melusine\/2022\/09\/14\/bibliographie\/","title":{"rendered":"Bibliographie"},"content":{"rendered":"<h4><a href=\"https:\/\/i0.wp.com\/melancholia.fr\/melusine\/wp-content\/uploads\/2022\/09\/melu_dragon.jpg?ssl=1\"><img loading=\"lazy\" decoding=\"async\" class=\"aligncenter wp-image-1165 size-full\" src=\"https:\/\/i0.wp.com\/melancholia.fr\/melusine\/wp-content\/uploads\/2022\/09\/melu_dragon.jpg?resize=248%2C148&#038;ssl=1\" alt=\"\" width=\"248\" height=\"148\" data-recalc-dims=\"1\" \/><\/a><\/h4>\n<h4>Bibliographie sommaire<\/h4>\n<p><strong>Editions<\/strong><\/p>\n<ul style=\"list-style-type: disc;\">\n<li><em>Textes de r\u00e9f\u00e9rence<\/em>\n<ul style=\"list-style-type: disc;\">\n<li>Fran\u00e7ois Nodot, <em>Histoire de M\u00e9lusine, tir\u00e9e des Chroniques du Poitou, et qui sert d&#8217;origine \u00e0 l&#8217;ancienne Maison de Lusignan, <\/em>A Paris, chez Claude Barbin et Thomas Mouette,\u00a0 1698. Exemplaire de la Biblioth\u00e8que Nationale de France, cote:\u00a0 LM3-617.<\/li>\n<li>Fran\u00e7ois Nodot, <em>Histoire de Geoffroy, surnomm\u00e9 \u00e0 la grand&#8217;dent, sixi\u00e8me fils de M\u00e9lusine, prince de Lusignan<\/em>, A Paris, veuve Claude Barbin, 1700. Exemplaire de la Biblioth\u00e8que nationale de France, cote: Y2-658.<\/li>\n<\/ul>\n<\/li>\n<li><em>Texte de colportage de la fin du XVIIe si\u00e8cle<\/em>\n<ul style=\"list-style-type: disc;\">\n<li><em>M\u00e9lusine. Nouvellement imprim\u00e9e<\/em>, Troyes, Jacques Febvre, 1692. Consultable sur Gallica: <a href=\"https:\/\/gallica.bnf.fr\/ark:\/12148\/btv1b86001034\">https:\/\/gallica.bnf.fr\/ark:\/12148\/btv1b86001034<\/a><\/li>\n<\/ul>\n<\/li>\n<li><em>Edition contemporaine<\/em>\n<ul style=\"list-style-type: disc;\">\n<li>Jean d&#8217;Arras,\u00a0<em>M\u00e9lusine, ou la noble histoire de Lusignan<\/em>, \u00e9d. Jean-Jacques Vincensini, Le Livre de Poche, &#8220;Les Lettres gothiquies&#8221;, 2003.<\/li>\n<\/ul>\n<\/li>\n<\/ul>\n<p><strong>Quelques \u00e9tudes pour d\u00e9couvrir M\u00e9lusine<\/strong><\/p>\n<ul style=\"list-style-type: disc;\">\n<li><em>Ouvrages<\/em>\n<ul style=\"list-style-type: disc;\">\n<li>H\u00e9l\u00e8ne Bouquin,\u00a0<em>Les Aventures d&#8217;un roman m\u00e9di\u00e9val : \u00e9ditions et adaptations de l&#8217;Histoire de M\u00e9lusine de Jean d&#8217;Arras (XV<sup>e<\/sup>-XIX<sup>e<\/sup> si\u00e8cles)<\/em>, th\u00e8se de l&#8217;Ecole nationale des Chartes, 2000, 2 tomes.<\/li>\n<li>Fran\u00e7oise Clier-Colombani, <em>La f\u00e9e M\u00e9lusine au Moyen \u00c2ge, Images, mythes et Symboles<\/em>, Paris, Le l\u00e9opard d\u2019or, 1991.<\/li>\n<li>Laurence H\u00e9lix, <em>Autour de M\u00e9lusine, fille de la litt\u00e9rature et du folklore,\u00a0<\/em>EPURE (Presses universitaires de Reims), 2020.<\/li>\n<li>Claude Lecouteux, <em>M\u00e9lusine et le chevalier au cygne,\u00a0<\/em>Imago, 1997.<\/li>\n<li>Philippe Walter,\u00a0<em>La F\u00e9e M\u00e9lusine : le serpent et l&#8217;oiseau<\/em>, Imago, 2008.<\/li>\n<li>Myriam White-Le Goff, <em>Envo\u00fbtante M\u00e9lusine<\/em>, Paris, Klincksieck, &#8220;Les grandes figures du Moyen \u00c2ge&#8221;, 2008, 234 p.<\/li>\n<\/ul>\n<\/li>\n<li><em>Articles<\/em>\n<ul style=\"list-style-type: disc;\">\n<li>Jacques Le Goff, &#8220;M\u00e9lusine maternelle et d\u00e9fricheuse&#8221;, Annales ESC, 1971, en ligne: https:\/\/www.persee.fr\/doc\/ahess_0395-2649_1971_num_26_3_422431<\/li>\n<li>Isabelle Trivisiani-Moreau, &#8220;M\u00e9lusine galante : la relecture du mythe par Paul-Fran\u00e7ois Nodot \u00e0 l\u2019\u00e9poque de la mode des contes de f\u00e9es&#8221;,\u00a0<em>in M\u00e9lusine moderne et contemporaine<\/em>, L&#8217;\u00c2ge d&#8217;homme, 1998.<\/li>\n<\/ul>\n<\/li>\n<li>Pour aller plus loin <strong>: <\/strong><a href=\"https:\/\/www.arlima.net\/il\/jean_d_arras.html\">https:\/\/www.arlima.net\/il\/jean_d_arras.html<\/a><\/li>\n<\/ul>\n<h4>Bibliographie d\u00e9taill\u00e9e<\/h4>\n<div id=\"zotpress-dde1465d405a8a99ec44c37952794d75\" class=\"zp-Zotpress zp-Zotpress-Bib wp-block-group\">\n\n\t\t<span class=\"ZP_API_USER_ID\" style=\"display: none;\">7745687<\/span>\n\t\t<span class=\"ZP_ITEM_KEY\" style=\"display: none;\"><\/span>\n\t\t<span class=\"ZP_COLLECTION_ID\" style=\"display: none;\">Y8V5VUI5<\/span>\n\t\t<span class=\"ZP_TAG_ID\" style=\"display: none;\"><\/span>\n\t\t<span class=\"ZP_AUTHOR\" style=\"display: none;\"><\/span>\n\t\t<span class=\"ZP_YEAR\" style=\"display: none;\"><\/span>\n        <span class=\"ZP_ITEMTYPE\" style=\"display: none;\"><\/span>\n        <span class=\"ZP_ITEM_TYPE\" style=\"display: none;\">items<\/span>\n\t\t<span class=\"ZP_INCLUSIVE\" style=\"display: none;\">1<\/span>\n\t\t<span class=\"ZP_STYLE\" style=\"display: none;\"><\/span>\n\t\t<span class=\"ZP_LIMIT\" style=\"display: none;\"><\/span>\n\t\t<span class=\"ZP_SORTBY\" style=\"display: none;\">default<\/span>\n\t\t<span class=\"ZP_ORDER\" style=\"display: none;\">asc<\/span>\n\t\t<span class=\"ZP_TITLE\" style=\"display: none;\"><\/span>\n\t\t<span class=\"ZP_SHOWIMAGE\" style=\"display: none;\"><\/span>\n\t\t<span class=\"ZP_SHOWTAGS\" style=\"display: none;\"><\/span>\n\t\t<span class=\"ZP_DOWNLOADABLE\" style=\"display: none;\"><\/span>\n\t\t<span class=\"ZP_NOTES\" style=\"display: none;\"><\/span>\n\t\t<span class=\"ZP_ABSTRACT\" style=\"display: none;\"><\/span>\n\t\t<span class=\"ZP_CITEABLE\" style=\"display: none;\"><\/span>\n\t\t<span class=\"ZP_TARGET\" style=\"display: none;\"><\/span>\n\t\t<span class=\"ZP_URLWRAP\" style=\"display: none;\"><\/span>\n\t\t<span class=\"ZP_FORCENUM\" style=\"display: none;\"><\/span>\n        <span class=\"ZP_HIGHLIGHT\" style=\"display: none;\"><\/span>\n\t\t<span class=\"ZOTPRESS_PLUGIN_URL\" style=\"display:none;\">https:\/\/melancholia.fr\/melusine\/wp-content\/plugins\/zotpress\/<\/span>\n\n\t\t<div class=\"zp-List loading\">\n<div class=\"zp-SEO-Content\"><div id=\"zp-ID-1136-7745687-3YVEYEEN\" class=\"zp-Entry zpSearchResultsItem\"><div class=\"csl-bib-body\" style=\"line-height: 2; padding-left: 1em; text-indent:-1em;\">\n  <div class=\"csl-entry\">Chorier, N. (1672). <i>Histoire g&#xE9;n&#xE9;alogique de la maison de Sassenage, branche des anciens comtes de Lyon et de Forests,....<\/i> Thioly.<\/div>\n<\/div><\/div><div id=\"zp-ID-1136-7745687-9JAZDI5Z\" class=\"zp-Entry zpSearchResultsItem\"><div class=\"csl-bib-body\" style=\"line-height: 2; padding-left: 1em; text-indent:-1em;\">\n  <div class=\"csl-entry\">Stouff, J. (2017, May 6). Bibliographie concernant M&#xE9;lusine [Billet]. <i>Biblioweb<\/i>. https:\/\/doi.org\/10.58079\/lzdk<\/div>\n<\/div><\/div><div id=\"zp-ID-1136-7745687-IMPAFA2X\" class=\"zp-Entry zpSearchResultsItem\"><div class=\"csl-bib-body\" style=\"line-height: 2; padding-left: 1em; text-indent:-1em;\">\n  <div class=\"csl-entry\"><i>Pr&#xE9;sine | Moyen &#xC2;ge Passion<\/i>. (n.d.). Retrieved July 28, 2024, from <a href='https:\/\/www.moyenagepassion.com\/index.php\/tag\/presine\/'>https:\/\/www.moyenagepassion.com\/index.php\/tag\/presine\/<\/a><\/div>\n<\/div><\/div><div id=\"zp-ID-1136-7745687-LBDGY9U3\" class=\"zp-Entry zpSearchResultsItem\"><div class=\"csl-bib-body\" style=\"line-height: 2; padding-left: 1em; text-indent:-1em;\">\n  <div class=\"csl-entry\">Gallais, P. (1986). Les f&#xE9;es seraient-elles n&#xE9;es au XIIe si&#xE8;cle&#x202F;? (&#xC0; propos d&#x2019;un ouvrage r&#xE9;cent). <i>Cahiers de Civilisation M&#xE9;di&#xE9;vale<\/i>, <i>116<\/i>, 355&#x2013;371.<\/div>\n<\/div><\/div><div id=\"zp-ID-1136-7745687-QIUESUR4\" class=\"zp-Entry zpSearchResultsItem\"><div class=\"csl-bib-body\" style=\"line-height: 2; padding-left: 1em; text-indent:-1em;\">\n  <div class=\"csl-entry\">Desaivre, L. (1883). <i>Mythe de la M&#xE8;re Lusine (Meurlusine, Merlusine, Mellusigne, Mellussine, M&#xE9;lusine, Meleusine): &#xE9;tude critique<\/i>. Impr. de Revers&#xE9;.<\/div>\n<\/div><\/div><div id=\"zp-ID-1136-7745687-UZQR94JG\" class=\"zp-Entry zpSearchResultsItem\"><div class=\"csl-bib-body\" style=\"line-height: 2; padding-left: 1em; text-indent:-1em;\">\n  <div class=\"csl-entry\">(N.d.).<\/div>\n<\/div><\/div><div id=\"zp-ID-1136-7745687-NDXNWIL6\" class=\"zp-Entry zpSearchResultsItem\"><div class=\"csl-bib-body\" style=\"line-height: 2; padding-left: 1em; text-indent:-1em;\">\n  <div class=\"csl-entry\">Charnay, B. (2019). Au-del&#xE0; des genres: Le cas de M&#xE9;lusine. <i>Ondina~Ondine: Revista de Literatura Comparada Infantil y Juvenil. Investigaci&#xF3;n en Educaci&#xF3;n<\/i>, <i>4<\/i>, 10&#x2013;25. <a href='https:\/\/dialnet.unirioja.es\/servlet\/articulo?codigo=7717157'>https:\/\/dialnet.unirioja.es\/servlet\/articulo?codigo=7717157<\/a><\/div>\n<\/div><\/div><div id=\"zp-ID-1136-7745687-NBUYJEAC\" class=\"zp-Entry zpSearchResultsItem\"><div class=\"csl-bib-body\" style=\"line-height: 2; padding-left: 1em; text-indent:-1em;\">\n  <div class=\"csl-entry\">Philosopher avec les nymphes L&#x2019;imagination dans le Comte de Gabalis de Montfaucon de Villars. (2019). <i>Libertinage et Philosophie &#xE0; l&#x2019;&#xE9;poque Classique (Xvie-Xviiie Si&#xE8;cle) 2019, N&#xB0; 16. Les Libertins et l&#x2019;imagination<\/i>. <a href='https:\/\/doi.org\/10.15122\/isbn.978-2-406-09789-1.p.0149'>https:\/\/doi.org\/10.15122\/isbn.978-2-406-09789-1.p.0149<\/a><\/div>\n<\/div><\/div><div id=\"zp-ID-1136-7745687-TQ6GP5AW\" class=\"zp-Entry zpSearchResultsItem\"><div class=\"csl-bib-body\" style=\"line-height: 2; padding-left: 1em; text-indent:-1em;\">\n  <div class=\"csl-entry\">Berger, G. (1997). Melusine in Versailles Oder Von Der Verh&#xF6;flichung Der Krieger Aus Dem Hause Lusignan. <i>Zeitschrift F&#xFC;r Franz&#xF6;sische Sprache Und Literatur<\/i>, <i>107<\/i>(1), 36&#x2013;44. <a href='http:\/\/www.jstor.org\/stable\/40618022'>http:\/\/www.jstor.org\/stable\/40618022<\/a><\/div>\n<\/div><\/div><div id=\"zp-ID-1136-7745687-BQFEY27D\" class=\"zp-Entry zpSearchResultsItem\"><div class=\"csl-bib-body\" style=\"line-height: 2; padding-left: 1em; text-indent:-1em;\">\n  <div class=\"csl-entry\">Harf-Lancner, L. (1988). Le Roman De M&#xE9;lusine Et Le Roman De Geoffroy a La Grand Dent: Les &#xC9;ditions Imprim&#xE9;es De L&#x2019;&#x153;uvre De Jean D&#x2019;arras. <i>Biblioth&#xE8;que d&#x2019;Humanisme et Renaissance<\/i>, <i>50<\/i>(2), 349&#x2013;366. <a href='http:\/\/www.jstor.org\/stable\/20677664'>http:\/\/www.jstor.org\/stable\/20677664<\/a><\/div>\n<\/div><\/div><div id=\"zp-ID-1136-7745687-BLIJYX45\" class=\"zp-Entry zpSearchResultsItem\"><div class=\"csl-bib-body\" style=\"line-height: 2; padding-left: 1em; text-indent:-1em;\">\n  <div class=\"csl-entry\">Kahn, D. (2021). La question des &#xEA;tres &#xE9;l&#xE9;mentaires chez Paracelse. In R. Poma, M. Sorokina, &amp; N. Weill-Parot (Eds.), <i>Les Confins incertains de la nature<\/i> (pp. 213&#x2013;237). Vrin. <a href='https:\/\/hal.archives-ouvertes.fr\/hal-02887009'>https:\/\/hal.archives-ouvertes.fr\/hal-02887009<\/a><\/div>\n<\/div><\/div><div id=\"zp-ID-1136-7745687-6653QK3E\" class=\"zp-Entry zpSearchResultsItem\"><div class=\"csl-bib-body\" style=\"line-height: 2; padding-left: 1em; text-indent:-1em;\">\n  <div class=\"csl-entry\">Savignac, M&#xE9;lanie. (n.d.). <i>M&#xE9;lusine et ses avatars aux XVIe et XVIIe si&#xE8;cles<\/i>.<\/div>\n<\/div><\/div><div id=\"zp-ID-1136-7745687-B7WVURPC\" class=\"zp-Entry zpSearchResultsItem\"><div class=\"csl-bib-body\" style=\"line-height: 2; padding-left: 1em; text-indent:-1em;\">\n  <div class=\"csl-entry\">H&#xE9;lix, L. (2020). Autour de M&#xE9;lusine, fille de la litt&#xE9;rature et du folklore. In K. Ueltschi &amp; F. Verdon (Eds.), <i>Grandes et petites mythologies I. Monts et ab&#xEE;mes&#x202F;: des dieux et des hommes<\/i> (pp. 113&#x2013;137). &#xC9;PURE - &#xC9;ditions et Presses universitaires de Reims. <a href='https:\/\/hal.univ-reims.fr\/hal-03049298'>https:\/\/hal.univ-reims.fr\/hal-03049298<\/a><\/div>\n<\/div><\/div><div id=\"zp-ID-1136-7745687-SRVISZBU\" class=\"zp-Entry zpSearchResultsItem\"><div class=\"csl-bib-body\" style=\"line-height: 2; padding-left: 1em; text-indent:-1em;\">\n  <div class=\"csl-entry\">Urban, M., Kemmis, D. F., Elmes, M. R., Urban, M., Kemmis, D. F., Elmes, M. R., Urban, M., Kemmis, D. F., Elmes, M. R., Urban, M., Kemmis, D. F., Elmes, M. R., Urban, M., Kemmis, D. F., &amp; Elmes, M. R. (Eds.). (2017). <i>Melusine&#x2019;s Footprint: Tracing the Legacy of a Medieval Myth<\/i>. Brill. <a href='https:\/\/brill.com\/view\/title\/32998'>https:\/\/brill.com\/view\/title\/32998<\/a><\/div>\n<\/div><\/div><div id=\"zp-ID-1136-7745687-RGX99SHS\" class=\"zp-Entry zpSearchResultsItem\"><div class=\"csl-bib-body\" style=\"line-height: 2; padding-left: 1em; text-indent:-1em;\">\n  <div class=\"csl-entry\">Bouquin, Helene. (n.d.). <i>&#xC9;ditions et adaptations de l&#x2019;Histoire de M&#xE9;lusine de Jean d&#x2019;Arras (XVe-XIXe si&#xE8;cle) Les aventures d&#x2019;un roman m&#xE9;di&#xE9;val.<\/i> Retrieved October 11, 2022, from <a href='http:\/\/theses.enc.sorbonne.fr\/2000\/bouquin'>http:\/\/theses.enc.sorbonne.fr\/2000\/bouquin<\/a><\/div>\n<\/div><\/div><div id=\"zp-ID-1136-7745687-MBIJMTRK\" class=\"zp-Entry zpSearchResultsItem\"><div class=\"csl-bib-body\" style=\"line-height: 2; padding-left: 1em; text-indent:-1em;\">\n  <div class=\"csl-entry\">Le Roy Ladurie, E., &amp; Le Goff, J. (1971). M&#xE9;lusine maternelle et d&#xE9;fricheuse. <i>Annales<\/i>, <i>26<\/i>(3), 587&#x2013;622. <a href='https:\/\/doi.org\/10.3406\/ahess.1971.422431'>https:\/\/doi.org\/10.3406\/ahess.1971.422431<\/a><\/div>\n<\/div><\/div><div id=\"zp-ID-1136-7745687-X4FIK9EC\" class=\"zp-Entry zpSearchResultsItem\"><div class=\"csl-bib-body\" style=\"line-height: 2; padding-left: 1em; text-indent:-1em;\">\n  <div class=\"csl-entry\">Fabula, &#xC9;. de recherche. (n.d.). <i>Marine Roussillon, Don Quichotte &#xE0; Versailles. L&#x2019;imaginaire m&#xE9;di&#xE9;val du Grand Si&#xE8;cle<\/i> [Text]. https:\/\/www.fabula.org. Retrieved October 11, 2022, from <a href='https:\/\/www.fabula.org\/actualites\/107815\/marine-roussillon-don-quichotte-a-versailles-limaginaire-medieval-du-grand.html'>https:\/\/www.fabula.org\/actualites\/107815\/marine-roussillon-don-quichotte-a-versailles-limaginaire-medieval-du-grand.html<\/a><\/div>\n<\/div><\/div><div id=\"zp-ID-1136-7745687-D4KFWUEF\" class=\"zp-Entry zpSearchResultsItem\"><div class=\"csl-bib-body\" style=\"line-height: 2; padding-left: 1em; text-indent:-1em;\">\n  <div class=\"csl-entry\">Stouff, L. (1859-1936) A. du texte. (1930). <i>Essai sur M&#xE9;lusine, roman du XIVe si&#xE8;cle, par Jean d&#x2019;Arras \/ Louis Stouff<\/i>. <a href='https:\/\/gallica.bnf.fr\/ark:\/12148\/bpt6k30562846'>https:\/\/gallica.bnf.fr\/ark:\/12148\/bpt6k30562846<\/a><\/div>\n<\/div><\/div><div id=\"zp-ID-1136-7745687-BZNY3299\" class=\"zp-Entry zpSearchResultsItem\"><div class=\"csl-bib-body\" style=\"line-height: 2; padding-left: 1em; text-indent:-1em;\">\n  <div class=\"csl-entry\">Kelen, J. (n.d.). <i>Passage de la f&#xE9;e<\/i>. Editionsddb.Fr. Retrieved October 10, 2022, from <a href='https:\/\/www.editionsddb.fr\/product\/83434\/passage-de-la-fe\/?9782220063942'>https:\/\/www.editionsddb.fr\/product\/83434\/passage-de-la-fe\/?9782220063942<\/a><\/div>\n<\/div><\/div><div id=\"zp-ID-1136-7745687-H98YFPIJ\" class=\"zp-Entry zpSearchResultsItem\"><div class=\"csl-bib-body\" style=\"line-height: 2; padding-left: 1em; text-indent:-1em;\">\n  <div class=\"csl-entry\"><i>La beaut&#xE9; du merveilleux (sommaire)<\/i>. (n.d.). Retrieved October 10, 2022, from <a href='https:\/\/www.lcdpu.fr\/livre\/?GCOI=27000100726970&fa=sommaire'>https:\/\/www.lcdpu.fr\/livre\/?GCOI=27000100726970&fa=sommaire<\/a><\/div>\n<\/div><\/div><div id=\"zp-ID-1136-7745687-DEGNEAD2\" class=\"zp-Entry zpSearchResultsItem\"><div class=\"csl-bib-body\" style=\"line-height: 2; padding-left: 1em; text-indent:-1em;\">\n  <div class=\"csl-entry\">Clier-Colombani, F., &amp; Le Goff, J. P. (1991). <i>La f&#xE9;e M&#xE9;lusine au Moyen &#xE2;ge: images, mythes et symboles<\/i>. Le l&#xE9;opard d&#x2019;or.<\/div>\n<\/div><\/div><div id=\"zp-ID-1136-7745687-RA9A9TZS\" class=\"zp-Entry zpSearchResultsItem\"><div class=\"csl-bib-body\" style=\"line-height: 2; padding-left: 1em; text-indent:-1em;\">\n  <div class=\"csl-entry\">Pavlevski-Malingre, J., Ferlampin-Acher, C., Harf-Lancner, L., Gally, M., Bouju, E., Costadura, E., &#xC9;cole doctorale Arts, L., &amp; Universit&#xE9; Bretagne Loire. (2017). <i>Melusigne, Merlusine, Melusina: fortunes politiques d&#x2019;une figure mythique du Moyen &#xC2;ge au XXIe si&#xE8;cle<\/i> (Vols. 1&#x2013;2).<\/div>\n<\/div><\/div><div id=\"zp-ID-1136-7745687-6CN9F73Q\" class=\"zp-Entry zpSearchResultsItem\"><div class=\"csl-bib-body\" style=\"line-height: 2; padding-left: 1em; text-indent:-1em;\">\n  <div class=\"csl-entry\">Pavlevski, J. (2014). Une esth&#xE9;tique originale du motif de la femme-serpent: recherches ontologiques et picturales sur M&#xE9;lusine au XVe si&#xE8;cle. <i>L&#x2019;humain et l&#x2019;animal dans la France m&#xE9;di&#xE9;vale, XIIe-XVe s. = Human and animal in Medieval France, 12th-15th c<\/i>, 73&#x2013;94.<\/div>\n<\/div><\/div><div id=\"zp-ID-1136-7745687-K6PBJWAU\" class=\"zp-Entry zpSearchResultsItem\"><div class=\"csl-bib-body\" style=\"line-height: 2; padding-left: 1em; text-indent:-1em;\">\n  <div class=\"csl-entry\">Liber de nymphis, sylphis, pygmaeis et salamandris. (2022). In <i>Wikipedia<\/i>. <a href='https:\/\/it.wikipedia.org\/w\/index.php?title=Liber_de_nymphis,_sylphis,_pygmaeis_et_salamandris&oldid=126730023'>https:\/\/it.wikipedia.org\/w\/index.php?title=Liber_de_nymphis,_sylphis,_pygmaeis_et_salamandris&oldid=126730023<\/a><\/div>\n<\/div><\/div><div id=\"zp-ID-1136-7745687-2B4TD4XJ\" class=\"zp-Entry zpSearchResultsItem\"><div class=\"csl-bib-body\" style=\"line-height: 2; padding-left: 1em; text-indent:-1em;\">\n  <div class=\"csl-entry\"><i>Liber de Nymphis, sylphis, pygmaeis et salamandris<\/i>. (n.d.). Retrieved September 28, 2022, from <a href='https:\/\/boowiki.info\/art\/essais-du-xvie-siecle\/liber-de-nymphis-sylphis-pygmaeis-et-salamandris.html'>https:\/\/boowiki.info\/art\/essais-du-xvie-siecle\/liber-de-nymphis-sylphis-pygmaeis-et-salamandris.html<\/a><\/div>\n<\/div><\/div><div id=\"zp-ID-1136-7745687-TF2TXLTF\" class=\"zp-Entry zpSearchResultsItem\"><div class=\"csl-bib-body\" style=\"line-height: 2; padding-left: 1em; text-indent:-1em;\">\n  <div class=\"csl-entry\">Harf-Lancner, L. (Ed.). (2014). <i>M&#xE9;tamorphose et bestiaire fantastique au Moyen &#xE2;ge<\/i>. &#xC9;cole normale sup&#xE9;rieure de jeunes filles,.<\/div>\n<\/div><\/div><div id=\"zp-ID-1136-7745687-RPFM3QIH\" class=\"zp-Entry zpSearchResultsItem\"><div class=\"csl-bib-body\" style=\"line-height: 2; padding-left: 1em; text-indent:-1em;\">\n  <div class=\"csl-entry\">Cappello, S. (2021). <i>&#xAB;Geoffroy &#xE0; la grant dent&#xBB;<\/i>. <a href='https:\/\/www.academia.edu\/45611786\/_Geoffroy_%C3%A0_la_grant_dent_'>https:\/\/www.academia.edu\/45611786\/_Geoffroy_%C3%A0_la_grant_dent_<\/a><\/div>\n<\/div><\/div><div id=\"zp-ID-1136-7745687-D4ZKTPWV\" class=\"zp-Entry zpSearchResultsItem\"><div class=\"csl-bib-body\" style=\"line-height: 2; padding-left: 1em; text-indent:-1em;\">\n  <div class=\"csl-entry\">Roach, E. (1971). Pierre Martin-Civat. &#x2014; Le tr&#xE8;s simple secret de M&#xE9;lusine, mythique a&#xEF;eule des Lusignan. <i>Cahiers de Civilisation M&#xE9;di&#xE9;vale<\/i>, <i>14<\/i>(53), 96&#x2013;97. <a href='https:\/\/www.persee.fr\/doc\/ccmed_0007-9731_1971_num_14_53_1884_t1_0096_0000_2'>https:\/\/www.persee.fr\/doc\/ccmed_0007-9731_1971_num_14_53_1884_t1_0096_0000_2<\/a><\/div>\n<\/div><\/div><div id=\"zp-ID-1136-7745687-LN3GFJEC\" class=\"zp-Entry zpSearchResultsItem\"><div class=\"csl-bib-body\" style=\"line-height: 2; padding-left: 1em; text-indent:-1em;\">\n  <div class=\"csl-entry\">Pavlevski-Malingre, J. (2016). &#xAB;&#x202F;&#xC0; la crois&#xE9;e de l&#x2019;imaginaire individuel et collectif, M&#xE9;lusine, figure mythique salvatrice dans Arcane 17 d&#x2019;Andr&#xE9; Breton&#x202F;&#xBB;. <i>La Forza Del Mito Tra Finzione e Realta, La Force Du Mythe Entre Fiction et R&#xE9;alit&#xE9;<\/i>. <a href='https:\/\/www.academia.edu\/42876719\/_%C3%80_la_crois%C3%A9e_de_l_imaginaire_individuel_et_collectif_M%C3%A9lusine_figure_mythique_salvatrice_dans_Arcane_17_d_Andr%C3%A9_Breton_'>https:\/\/www.academia.edu\/42876719\/_%C3%80_la_crois%C3%A9e_de_l_imaginaire_individuel_et_collectif_M%C3%A9lusine_figure_mythique_salvatrice_dans_Arcane_17_d_Andr%C3%A9_Breton_<\/a><\/div>\n<\/div><\/div><div id=\"zp-ID-1136-7745687-6HACPQ38\" class=\"zp-Entry zpSearchResultsItem\"><div class=\"csl-bib-body\" style=\"line-height: 2; padding-left: 1em; text-indent:-1em;\">\n  <div class=\"csl-entry\">Lecouteux, C. (1978). La structure des l&#xE9;gendes m&#xE9;lusiniennes. <i>Annales<\/i>, <i>33<\/i>(2), 294&#x2013;306. <a href='https:\/\/doi.org\/10.3406\/ahess.1978.293927'>https:\/\/doi.org\/10.3406\/ahess.1978.293927<\/a><\/div>\n<\/div><\/div><div id=\"zp-ID-1136-7745687-YW4RGJXT\" class=\"zp-Entry zpSearchResultsItem\"><div class=\"csl-bib-body\" style=\"line-height: 2; padding-left: 1em; text-indent:-1em;\">\n  <div class=\"csl-entry\">Motta, A. (2017). <i>L&#xE9;opold 1er. La souverainet&#xE9; restaur&#xE9;e<\/i>. Paraiges. <a href='https:\/\/hal.univ-lorraine.fr\/hal-02868062'>https:\/\/hal.univ-lorraine.fr\/hal-02868062<\/a><\/div>\n<\/div><\/div><div id=\"zp-ID-1136-7745687-49SX25CH\" class=\"zp-Entry zpSearchResultsItem\"><div class=\"csl-bib-body\" style=\"line-height: 2; padding-left: 1em; text-indent:-1em;\">\n  <div class=\"csl-entry\">Chanaud, R. (1985). <i>Le Chevalier, la f&#xE9;e et l&#x2019;h&#xE9;r&#xE9;tique: une anc&#xEA;tre valentinoise de M&#xE9;lusine, la dame du ch&#xE2;teau de l&#x2019;Epervier<\/i>. ,.<\/div>\n<\/div><\/div><div id=\"zp-ID-1136-7745687-AXJWURXP\" class=\"zp-Entry zpSearchResultsItem\"><div class=\"csl-bib-body\" style=\"line-height: 2; padding-left: 1em; text-indent:-1em;\">\n  <div class=\"csl-entry\">Cordeb&#x153;uf, M., &amp; Le Gall, H. (2002). <i>La f&#xE9;e M&#xE9;lusine<\/i>. Ed. du Bastberg.<\/div>\n<\/div><\/div><div id=\"zp-ID-1136-7745687-CJL8LIMK\" class=\"zp-Entry zpSearchResultsItem\"><div class=\"csl-bib-body\" style=\"line-height: 2; padding-left: 1em; text-indent:-1em;\">\n  <div class=\"csl-entry\">Payen, J.-C. (1986). <i>Le conte de f&#xE9;es en Normandie: la f&#xE9;e d&#x2019;Argouges<\/i>.<\/div>\n<\/div><\/div><div id=\"zp-ID-1136-7745687-LYH5KX5H\" class=\"zp-Entry zpSearchResultsItem\"><div class=\"csl-bib-body\" style=\"line-height: 2; padding-left: 1em; text-indent:-1em;\">\n  <div class=\"csl-entry\">King, R. S. (2000). <i>Transgression et contestation: Essays on Melusine -- la f&#xE9;e amante, Achille -- la po&#xE9;sie de la Pl&#xE9;iade, Beaumarchais, Diderot, Althusser, Mongo Beti et al, Le S&#xE9;nat et la 5e R&#xE9;publique<\/i>. Department of French, University of Nottingham.<\/div>\n<\/div><\/div><div id=\"zp-ID-1136-7745687-XLXZPM53\" class=\"zp-Entry zpSearchResultsItem\"><div class=\"csl-bib-body\" style=\"line-height: 2; padding-left: 1em; text-indent:-1em;\">\n  <div class=\"csl-entry\">Martin-Civat, P. (1969). <i>Le tr&#xE8;s simple secret de M&#xE9;lusine, mythique a&#xEF;eule des Lusignan: un arbre sacr&#xE9;, une divinit&#xE9; sylvestre, une f&#xE9;e des bois, une maison f&#xE9;odale, une l&#xE9;gende<\/i>. P. Oudin.<\/div>\n<\/div><\/div><div id=\"zp-ID-1136-7745687-UAM4B5DD\" class=\"zp-Entry zpSearchResultsItem\"><div class=\"csl-bib-body\" style=\"line-height: 2; padding-left: 1em; text-indent:-1em;\">\n  <div class=\"csl-entry\">Historial de la Vend&#xE9;e (Ed.). (2019). <i>M&#xE9;lusine, secrets d&#x2019;une f&#xE9;e<\/i>. Silvana editoriale.<\/div>\n<\/div><\/div><div id=\"zp-ID-1136-7745687-GS3IUAZ9\" class=\"zp-Entry zpSearchResultsItem\"><div class=\"csl-bib-body\" style=\"line-height: 2; padding-left: 1em; text-indent:-1em;\">\n  <div class=\"csl-entry\">Glot, C. (2013). <i>M&#xE9;lusine: f&#xE9;e, femme, dragon<\/i>. &#xC9;d. &#x201C;Ouest-France&#x201D;, DL 2013.<\/div>\n<\/div><\/div><div id=\"zp-ID-1136-7745687-99DSVSLW\" class=\"zp-Entry zpSearchResultsItem\"><div class=\"csl-bib-body\" style=\"line-height: 2; padding-left: 1em; text-indent:-1em;\">\n  <div class=\"csl-entry\">Kelen, J. (2012). <i>Passage de la f&#xE9;e: la l&#xE9;gende de M&#xE9;lusine<\/i>. Descl&#xE9;e de Brouwer, impr. 2012.<\/div>\n<\/div><\/div><div id=\"zp-ID-1136-7745687-2MXYZEMC\" class=\"zp-Entry zpSearchResultsItem\"><div class=\"csl-bib-body\" style=\"line-height: 2; padding-left: 1em; text-indent:-1em;\">\n  <div class=\"csl-entry\">Morris, M. W., &amp; Vincensini, J.-J. (2012). <i>&#xC9;criture et r&#xE9;&#xE9;criture du merveilleux f&#xE9;erique: autour de M&#xE9;lusine<\/i>. Classiques Garnier.<\/div>\n<\/div><\/div><div id=\"zp-ID-1136-7745687-QW72T66U\" class=\"zp-Entry zpSearchResultsItem\"><div class=\"csl-bib-body\" style=\"line-height: 2; padding-left: 1em; text-indent:-1em;\">\n  <div class=\"csl-entry\">Montandon, A. (2018). <i>M&#xE9;lusine et Barbe-bleue: essai de sociopo&#xE9;tique<\/i>. Honor&#xE9; Champion &#xE9;diteur.<\/div>\n<\/div><\/div><div id=\"zp-ID-1136-7745687-QUR5WZ2I\" class=\"zp-Entry zpSearchResultsItem\"><div class=\"csl-bib-body\" style=\"line-height: 2; padding-left: 1em; text-indent:-1em;\">\n  <div class=\"csl-entry\">Harf-Lancner, L. (2003). <i>Le monde des f&#xE9;es dans l&#x2019;Occident m&#xE9;di&#xE9;val<\/i>. Hachette litt&#xE9;ratures.<\/div>\n<\/div><\/div><div id=\"zp-ID-1136-7745687-H258D9VF\" class=\"zp-Entry zpSearchResultsItem\"><div class=\"csl-bib-body\" style=\"line-height: 2; padding-left: 1em; text-indent:-1em;\">\n  <div class=\"csl-entry\">Harf-Lancner, L. (1984). <i>Les f&#xE9;es au Moyen &#xE2;ge: Morgane et M&#xE9;lusine<\/i>. Honor&#xE9; Champion.<\/div>\n<\/div><\/div><div id=\"zp-ID-1136-7745687-X5PSQHZN\" class=\"zp-Entry zpSearchResultsItem\"><div class=\"csl-bib-body\" style=\"line-height: 2; padding-left: 1em; text-indent:-1em;\">\n  <div class=\"csl-entry\">Gallais, P. (1992). <i>La f&#xE9;e &#xE0; la fontaine et &#xE0; l&#x2019;arbre: un arch&#xE9;type du conte merveilleux et du r&#xE9;cit courtois<\/i>.<\/div>\n<\/div><\/div><div id=\"zp-ID-1136-7745687-9G3B9TEL\" class=\"zp-Entry zpSearchResultsItem\"><div class=\"csl-bib-body\" style=\"line-height: 2; padding-left: 1em; text-indent:-1em;\">\n  <div class=\"csl-entry\">Boivin, J.-M., Mac Cana, P., Universit&#xE9; Paris-Est Cr&#xE9;teil Val de Marne, &amp; Coll&#xE8;ge des Irlandais. (1999). <i>M&#xE9;lusines continentales et insulaires: actes du colloque international tenu les 27 et 28 mars 1997 &#xE0; l&#x2019;Universit&#xE9; Paris XII et au Coll&#xE8;ge des Irlandais<\/i>. H. Champion.<\/div>\n<\/div><\/div><div id=\"zp-ID-1136-7745687-8KIIJMMX\" class=\"zp-Entry zpSearchResultsItem\"><div class=\"csl-bib-body\" style=\"line-height: 2; padding-left: 1em; text-indent:-1em;\">\n  <div class=\"csl-entry\">Maddox, D., &amp; Sturm-Maddox, S. (Eds.). (1996). <i>Melusine of Lusignan: founding fiction in late medieval France<\/i>. University of Georgia Press.<\/div>\n<\/div><\/div><div id=\"zp-ID-1136-7745687-FNCD7ZMB\" class=\"zp-Entry zpSearchResultsItem\"><div class=\"csl-bib-body\" style=\"line-height: 2; padding-left: 1em; text-indent:-1em;\">\n  <div class=\"csl-entry\">Pillard, G.-&#xC9;. (1989). <i>La d&#xE9;esse M&#xE9;lusine: mythologie d&#x2019;une f&#xE9;e<\/i>. H&#xE9;rault-&#xC9;ditions.<\/div>\n<\/div><\/div><div id=\"zp-ID-1136-7745687-4KF2J22X\" class=\"zp-Entry zpSearchResultsItem\"><div class=\"csl-bib-body\" style=\"line-height: 2; padding-left: 1em; text-indent:-1em;\">\n  <div class=\"csl-entry\"><i>Melusine: actes du Colloque du Centre d&#x2019;&#xE9;tudes m&#xE9;di&#xE9;vales de l&#x2019;Universit&#xE9; de Picardie Jules Verne, 13 et 14 janvier 1996<\/i>. (1996). Reineke-Verlag.<\/div>\n<\/div><\/div><div id=\"zp-ID-1136-7745687-5XQITGWC\" class=\"zp-Entry zpSearchResultsItem\"><div class=\"csl-bib-body\" style=\"line-height: 2; padding-left: 1em; text-indent:-1em;\">\n  <div class=\"csl-entry\">Coudrette. (1993). <i>Le roman de M&#xE9;lusine<\/i> (L. Harf-Lancner, Ed.). Flammarion.<\/div>\n<\/div><\/div><div id=\"zp-ID-1136-7745687-78VCDJ7T\" class=\"zp-Entry zpSearchResultsItem\"><div class=\"csl-bib-body\" style=\"line-height: 2; padding-left: 1em; text-indent:-1em;\">\n  <div class=\"csl-entry\">Jean d&#x2019;Arras. (1991). <i>M&#xE9;lusine ou La noble histoire de Lusignan: roman du XIVe si&#xE8;cle<\/i> (J.-J. T. Vincensini, Ed.). Librairie g&#xE9;n&#xE9;rale fran&#xE7;aise.<\/div>\n<\/div><\/div><\/div><!-- .zp-zp-SEO-Content -->\n<\/div><!-- .zp-List --><\/div><!--.zp-Zotpress-->\n\n\n","protected":false},"excerpt":{"rendered":"<p>Bibliographie sommaire Editions Textes de r\u00e9f\u00e9rence Fran\u00e7ois Nodot, Histoire de M\u00e9lusine, tir\u00e9e des Chroniques du Poitou, et qui sert d&#8217;origine \u00e0 l&#8217;ancienne Maison de Lusignan, A Paris, chez Claude Barbin et Thomas Mouette,\u00a0 1698. Exemplaire de la Biblioth\u00e8que Nationale de France, cote:\u00a0 LM3-617. Fran\u00e7ois Nodot, Histoire de Geoffroy, surnomm\u00e9 \u00e0 la grand&#8217;dent, sixi\u00e8me fils de &hellip; <a href=\"https:\/\/melancholia.fr\/melusine\/2022\/09\/14\/bibliographie\/\" class=\"more-link\">Continuer la lecture de <span class=\"screen-reader-text\">Bibliographie<\/span> <span class=\"meta-nav\">&rarr;<\/span><\/a><\/p>\n","protected":false},"author":1,"featured_media":0,"comment_status":"closed","ping_status":"open","sticky":false,"template":"","format":"standard","meta":{"footnotes":""},"categories":[1],"tags":[],"class_list":["post-1136","post","type-post","status-publish","format-standard","hentry","category-non-classe"],"jetpack_featured_media_url":"","_links":{"self":[{"href":"https:\/\/melancholia.fr\/melusine\/wp-json\/wp\/v2\/posts\/1136","targetHints":{"allow":["GET"]}}],"collection":[{"href":"https:\/\/melancholia.fr\/melusine\/wp-json\/wp\/v2\/posts"}],"about":[{"href":"https:\/\/melancholia.fr\/melusine\/wp-json\/wp\/v2\/types\/post"}],"author":[{"embeddable":true,"href":"https:\/\/melancholia.fr\/melusine\/wp-json\/wp\/v2\/users\/1"}],"replies":[{"embeddable":true,"href":"https:\/\/melancholia.fr\/melusine\/wp-json\/wp\/v2\/comments?post=1136"}],"version-history":[{"count":13,"href":"https:\/\/melancholia.fr\/melusine\/wp-json\/wp\/v2\/posts\/1136\/revisions"}],"predecessor-version":[{"id":1453,"href":"https:\/\/melancholia.fr\/melusine\/wp-json\/wp\/v2\/posts\/1136\/revisions\/1453"}],"wp:attachment":[{"href":"https:\/\/melancholia.fr\/melusine\/wp-json\/wp\/v2\/media?parent=1136"}],"wp:term":[{"taxonomy":"category","embeddable":true,"href":"https:\/\/melancholia.fr\/melusine\/wp-json\/wp\/v2\/categories?post=1136"},{"taxonomy":"post_tag","embeddable":true,"href":"https:\/\/melancholia.fr\/melusine\/wp-json\/wp\/v2\/tags?post=1136"}],"curies":[{"name":"wp","href":"https:\/\/api.w.org\/{rel}","templated":true}]}}